{"id":4001,"date":"2025-09-26T15:59:02","date_gmt":"2025-09-26T15:59:02","guid":{"rendered":"https:\/\/iscm-slovakia.org\/?p=4001"},"modified":"2025-09-26T16:03:00","modified_gmt":"2025-09-26T16:03:00","slug":"evening-of-slovak-music","status":"publish","type":"post","link":"https:\/\/iscm-slovakia.org\/en\/reviews\/evening-of-slovak-music\/","title":{"rendered":"<strong>Evening of Slovak Music<\/strong>"},"content":{"rendered":"\n<p><strong>24<sup>th<\/sup> September 2025 \u2013 BRATISLAVA, Slovak Philharmonic Concert Hall<\/strong><\/p>\n\n\n\n<p>The 60th anniversary edition of the Bratislava Music Festival promised the audience a presentation of unique artistic ensembles, conductors, and soloists. The ambition of the second concert, dedicated exclusively to works by local composers, was to present pieces by older jubilant composers alongside two premieres that brought a current artistic impulse. However, the challenge of this ambitious programming was the heaviness and inaccessibility of some works, which might have made them less appealing to a broader audience.<\/p>\n\n\n\n<p>The Slovak Chamber Orchestra, under the artistic direction of Ewald Danel, opened the evening with a lively and dance-like <em>Scherzo for string orchestra<\/em> by <strong>Alexander Albrecht<\/strong>. The piece quickly engaged the audience with its soaring, songful melodies and overall neoclassical character. Despite some compositional monotony, contrasts and fullness of sound stood out in the performance. The strong collaboration and communication among orchestra members contributed to a cohesive and convincing musical experience. In <em>Songs from Zaolzie<\/em>, <strong>Roman Berger<\/strong> combines modern treatment of Goral folk motifs with lyrical reminiscences of his childhood. Familiar folk themes likely made the piece attractive to listeners. The orchestra&#8217;s performance reflected sensitivity and respect for the composer. This demanding work was interpreted with high quality, although its compositional features\u2014such as frequent voice permutations and a lack of fluidity\u2014clearly contributed to its complexity for the audience.<\/p>\n\n\n\n<figure class=\"wp-block-image size-large\"><img decoding=\"async\" width=\"1024\" height=\"683\" src=\"https:\/\/iscm-slovakia.org\/wp-content\/uploads\/\/BHS_SKO-1-1024x683.jpg\" alt=\"\" class=\"wp-image-3990\" srcset=\"https:\/\/iscm-slovakia.org\/wp-content\/uploads\/BHS_SKO-1-1024x683.jpg 1024w, https:\/\/iscm-slovakia.org\/wp-content\/uploads\/BHS_SKO-1-300x200.jpg 300w, https:\/\/iscm-slovakia.org\/wp-content\/uploads\/BHS_SKO-1-600x400.jpg 600w, https:\/\/iscm-slovakia.org\/wp-content\/uploads\/BHS_SKO-1.jpg 2048w\" sizes=\"(max-width: 1024px) 100vw, 1024px\" \/><figcaption class=\"wp-element-caption\">Photo: Alexander Trizuljak<\/figcaption><\/figure>\n\n\n\n<p><strong>J\u00e1n Valach\u2019s<\/strong> <em>B-A-C-H \u2013 Pictures from a Human Life<\/em> offered an original musical perspective on human existence, using a four-tone motif based on J. S. Bach\u2019s name developed into a universal pattern from birth to farewell. The composer, with a richly and progressively developed compositional style, infused the work with abundant musical imagination and expressive detail. An example is the use of cello and double bass in selected parts as rhythmic accompaniment rather than just traditional melodic instruments. Despite, the chamber orchestra\u2019s interpretation sometimes appeared dull, which was reflected in the relatively weak applause. The brightened lyricism, bucolic meditation, and balladic-rhapsodic darkness were mirrored in <em>Concertino for flute, op. 27<\/em>, by <strong>Andrej O\u010den\u00e1\u0161<\/strong>, as noted by Ondrej Vesel\u00fd in the program booklet. The excellent cooperation between the chamber orchestra and flutist Monika \u0160treitov\u00e1 was evident. \u0160treitov\u00e1\u2019s performance was clear, convincing, and technically precise, especially in the first part, <em>Rubato e licenza<\/em>. The rhythmically playful and dance-like <em>Allegro vivo<\/em> initially sounded less vivid, but the orchestra gradually achieved the desired contrast. The third part, <em>Andante epicamente<\/em>, featured a lovely, intimate dialogue between flute and viola, culminating in an exceptionally energetic and fierce finale (<em>Allegro vivo. Largo<\/em>).<\/p>\n\n\n\n<figure class=\"wp-block-image size-large\"><img decoding=\"async\" width=\"1024\" height=\"709\" src=\"https:\/\/iscm-slovakia.org\/wp-content\/uploads\/\/BHS_Streitova-2-1024x709.jpg\" alt=\"\" class=\"wp-image-3992\" srcset=\"https:\/\/iscm-slovakia.org\/wp-content\/uploads\/BHS_Streitova-2-1024x709.jpg 1024w, https:\/\/iscm-slovakia.org\/wp-content\/uploads\/BHS_Streitova-2-300x208.jpg 300w, https:\/\/iscm-slovakia.org\/wp-content\/uploads\/BHS_Streitova-2-578x400.jpg 578w, https:\/\/iscm-slovakia.org\/wp-content\/uploads\/BHS_Streitova-2.jpg 2048w\" sizes=\"(max-width: 1024px) 100vw, 1024px\" \/><figcaption class=\"wp-element-caption\">Photo: Alexander Trizuljak<\/figcaption><\/figure>\n\n\n\n<p>The second half of the concert was dedicated to two world premieres. <em>Lauda Sion, a cantata for soprano and chamber orchestra<\/em> by <strong>\u013dubo\u0161 Bern\u00e1th<\/strong>, belongs to the Middle Generation of Slovak composers. Thomas Aquinas&#8217;s text was initially acoustically insufficient, as soprano Marianna Prievozn\u00edkov\u00e1 Geleneky\u2019s voice occasionally faded and lost clarity. The deficit was compensated in other sections where the soprano part was precisely interwoven with the orchestra&#8217;s melody. The concluding <em>Amen<\/em> closed the work in a nearly heavenly manner. Dramatic and expressively tense instrumental intermezzos provided a welcome contrast. Bern\u00e1th again sensitively merged tradition with contemporary musical language, updating the sacred message for today\u2019s audience. In <strong>V\u00ed\u0165azoslav Kubi\u010dka\u2019s<\/strong> <em>Requiem for soloists, choir, and orchestra, op. 374<\/em>, the sensitivity and intimacy of words written by the composer&#8217;s wife was reflected. For Kubi\u010dka, the human voice is the most perfect instrument connecting the message of faith with deep personal expression. Clear delivery was ensured by Marianna Prievozn\u00edkov\u00e1 Geleneky (soprano), Roman Kr\u0161ko (baritone), and the L\u00fa\u010dnica Choir under longtime choirmaster Elena Matu\u0161ov\u00e1. The soloists\u2019 singing appeared light and natural. <em>Requiem<\/em>, following the tradition of sacred music, was accessible to all listeners precisely because of its clarity of expression and emotional sincerity. However, the conductor Adrian Koko\u0161\u2019s insufficient work with the choir left some artistic potential unrealized.<\/p>\n\n\n\n<p>Although some pieces, due to their complexity and perceptual demands, appeared cumbersome or dull to the average listener, the concert offered a rich musical experience full of new impulses. The performed works strongly highlighted the continuity and relevance of Slovak musical creativity. Any interpretive shortcomings provide room for further artistic refinement in future events.<\/p>\n\n\n\n<p><strong>Hana CHLEB\u00c1KOV\u00c1<\/strong><\/p>\n","protected":false},"excerpt":{"rendered":"<p>24th September 2025 \u2013 BRATISLAVA, Slovak Philharmonic Concert Hall The 60th anniversary edition of the Bratislava Music Festival promised the audience a presentation of unique artistic ensembles, conductors, and soloists. The ambition of the second concert, dedicated exclusively to works by local composers, was to present pieces by older jubilant composers alongside two premieres that&#8230;<\/p>\n","protected":false},"author":8,"featured_media":3985,"comment_status":"closed","ping_status":"closed","sticky":false,"template":"","format":"standard","meta":[],"categories":[42],"tags":[],"acf":[],"_links":{"self":[{"href":"https:\/\/iscm-slovakia.org\/en\/wp-json\/wp\/v2\/posts\/4001"}],"collection":[{"href":"https:\/\/iscm-slovakia.org\/en\/wp-json\/wp\/v2\/posts"}],"about":[{"href":"https:\/\/iscm-slovakia.org\/en\/wp-json\/wp\/v2\/types\/post"}],"author":[{"embeddable":true,"href":"https:\/\/iscm-slovakia.org\/en\/wp-json\/wp\/v2\/users\/8"}],"replies":[{"embeddable":true,"href":"https:\/\/iscm-slovakia.org\/en\/wp-json\/wp\/v2\/comments?post=4001"}],"version-history":[{"count":1,"href":"https:\/\/iscm-slovakia.org\/en\/wp-json\/wp\/v2\/posts\/4001\/revisions"}],"predecessor-version":[{"id":4002,"href":"https:\/\/iscm-slovakia.org\/en\/wp-json\/wp\/v2\/posts\/4001\/revisions\/4002"}],"wp:featuredmedia":[{"embeddable":true,"href":"https:\/\/iscm-slovakia.org\/en\/wp-json\/wp\/v2\/media\/3985"}],"wp:attachment":[{"href":"https:\/\/iscm-slovakia.org\/en\/wp-json\/wp\/v2\/media?parent=4001"}],"wp:term":[{"taxonomy":"category","embeddable":true,"href":"https:\/\/iscm-slovakia.org\/en\/wp-json\/wp\/v2\/categories?post=4001"},{"taxonomy":"post_tag","embeddable":true,"href":"https:\/\/iscm-slovakia.org\/en\/wp-json\/wp\/v2\/tags?post=4001"}],"curies":[{"name":"wp","href":"https:\/\/api.w.org\/{rel}","templated":true}]}}